{"id":1910,"date":"2023-03-26T18:34:02","date_gmt":"2023-03-26T16:34:02","guid":{"rendered":"https:\/\/www.grundschule-zabeltitz.de\/?p=1910"},"modified":"2023-03-26T19:01:12","modified_gmt":"2023-03-26T17:01:12","slug":"ganztagesangebot-landwirtschaft","status":"publish","type":"post","link":"https:\/\/www.grundschule-zabeltitz.de\/?p=1910","title":{"rendered":"Ganztagesangebot \u201eLandwirtschaft\u201c"},"content":{"rendered":"\n\n\n<p>Die Kinder unseres Ganztagesangebotes \u201eLandwirtschaft\u201c wollten sich auf besondere Weise auf das kommende Osterfest einstimmen. Initiiert von ihrem Leiter Christian Nicklisch&nbsp; sollte die Entwicklung eines H\u00fchnereies zum K\u00fcken beobachtet werden. Jedes Kind bekam 2 Eier, welche mit dem eigenen Namen beschriftet wurde, so dass man eine besondere Beziehung zum Ei aufbauen konnte. Herr Nicklisch brachte einen Brutautomaten mit in die Schule, welche in einem separaten, ruhigen Raum aufgestellt und mit einer Temperatur von 37,5 Grad eingestellt wurde. Nun hie\u00df es 21 Tage warten. In dieser Zeit gingen die Kinder immer wieder nach ihren Eiern sehen. Und wirklich\u2026am 21.Tag befreiten sich die ersten, etwas feuchten K\u00fcken&nbsp; von ihren Schalen und hopsten nach kurzer Zeit fr\u00f6hlich durch ihr kleines Glasgehege. Die Aufregung im Brutkasten glich dem der Zuschauer davor. \u00dcberall sah man nun flauschige gelbe und schwarze K\u00fcken, die nach einer kurzen Zeit den Automaten verlassen und es sich unter einer W\u00e4rmelampe im K\u00fcken-Aufzucht-Gehege gem\u00fctlich machen konnten. Es war f\u00fcr alle Kinder und Lehrer ein sehr eindrucksvolles Erlebnis.&nbsp;&nbsp;&nbsp;&nbsp;&nbsp;&nbsp;&nbsp;&nbsp;&nbsp;&nbsp;&nbsp;&nbsp;&nbsp;&nbsp;&nbsp;&nbsp;&nbsp;&nbsp;&nbsp;&nbsp;&nbsp;&nbsp;&nbsp;&nbsp;&nbsp;&nbsp;&nbsp; <\/p>\n\n\n\n<p>Ostern kann kommen!<\/p>\n\n\n\n<figure class=\"wp-block-gallery has-nested-images columns-default is-cropped wp-block-gallery-1 is-layout-flex wp-block-gallery-is-layout-flex\">\n<figure class=\"wp-block-image size-large\"><a href=\"https:\/\/www.grundschule-zabeltitz.de\/wp-content\/uploads\/IMG-20230326-WA0000.jpg\"><img loading=\"lazy\" decoding=\"async\" width=\"768\" height=\"1024\" data-id=\"1914\" src=\"https:\/\/www.grundschule-zabeltitz.de\/wp-content\/uploads\/IMG-20230326-WA0000-768x1024.jpg\" alt=\"\" class=\"wp-image-1914\" srcset=\"https:\/\/www.grundschule-zabeltitz.de\/wp-content\/uploads\/IMG-20230326-WA0000-768x1024.jpg 768w, https:\/\/www.grundschule-zabeltitz.de\/wp-content\/uploads\/IMG-20230326-WA0000-225x300.jpg 225w, https:\/\/www.grundschule-zabeltitz.de\/wp-content\/uploads\/IMG-20230326-WA0000-1152x1536.jpg 1152w, https:\/\/www.grundschule-zabeltitz.de\/wp-content\/uploads\/IMG-20230326-WA0000.jpg 1536w\" sizes=\"auto, (max-width: 768px) 100vw, 768px\" \/><\/a><\/figure>\n\n\n\n<figure class=\"wp-block-image size-large\"><a href=\"https:\/\/www.grundschule-zabeltitz.de\/wp-content\/uploads\/IMG-20230326-WA0005.jpg\"><img loading=\"lazy\" decoding=\"async\" width=\"768\" height=\"1024\" data-id=\"1913\" src=\"https:\/\/www.grundschule-zabeltitz.de\/wp-content\/uploads\/IMG-20230326-WA0005-768x1024.jpg\" alt=\"\" class=\"wp-image-1913\" srcset=\"https:\/\/www.grundschule-zabeltitz.de\/wp-content\/uploads\/IMG-20230326-WA0005-768x1024.jpg 768w, https:\/\/www.grundschule-zabeltitz.de\/wp-content\/uploads\/IMG-20230326-WA0005-225x300.jpg 225w, https:\/\/www.grundschule-zabeltitz.de\/wp-content\/uploads\/IMG-20230326-WA0005-1152x1536.jpg 1152w, https:\/\/www.grundschule-zabeltitz.de\/wp-content\/uploads\/IMG-20230326-WA0005.jpg 1200w\" sizes=\"auto, (max-width: 768px) 100vw, 768px\" \/><\/a><\/figure>\n\n\n\n<figure class=\"wp-block-image size-large\"><a href=\"https:\/\/www.grundschule-zabeltitz.de\/wp-content\/uploads\/IMG-20230326-WA0009.jpg\"><img loading=\"lazy\" decoding=\"async\" width=\"768\" height=\"1024\" data-id=\"1919\" src=\"https:\/\/www.grundschule-zabeltitz.de\/wp-content\/uploads\/IMG-20230326-WA0009-768x1024.jpg\" alt=\"\" class=\"wp-image-1919\" srcset=\"https:\/\/www.grundschule-zabeltitz.de\/wp-content\/uploads\/IMG-20230326-WA0009-768x1024.jpg 768w, https:\/\/www.grundschule-zabeltitz.de\/wp-content\/uploads\/IMG-20230326-WA0009-225x300.jpg 225w, https:\/\/www.grundschule-zabeltitz.de\/wp-content\/uploads\/IMG-20230326-WA0009-1152x1536.jpg 1152w, https:\/\/www.grundschule-zabeltitz.de\/wp-content\/uploads\/IMG-20230326-WA0009.jpg 1200w\" sizes=\"auto, (max-width: 768px) 100vw, 768px\" \/><\/a><\/figure>\n\n\n\n<figure class=\"wp-block-image size-large\"><a href=\"https:\/\/www.grundschule-zabeltitz.de\/wp-content\/uploads\/IMG-20230326-WA0008.jpg\"><img loading=\"lazy\" decoding=\"async\" width=\"1024\" height=\"768\" data-id=\"1922\" src=\"https:\/\/www.grundschule-zabeltitz.de\/wp-content\/uploads\/IMG-20230326-WA0008-1024x768.jpg\" alt=\"\" class=\"wp-image-1922\" srcset=\"https:\/\/www.grundschule-zabeltitz.de\/wp-content\/uploads\/IMG-20230326-WA0008-1024x768.jpg 1024w, https:\/\/www.grundschule-zabeltitz.de\/wp-content\/uploads\/IMG-20230326-WA0008-300x225.jpg 300w, https:\/\/www.grundschule-zabeltitz.de\/wp-content\/uploads\/IMG-20230326-WA0008-768x576.jpg 768w, https:\/\/www.grundschule-zabeltitz.de\/wp-content\/uploads\/IMG-20230326-WA0008-1536x1152.jpg 1536w, https:\/\/www.grundschule-zabeltitz.de\/wp-content\/uploads\/IMG-20230326-WA0008.jpg 1600w\" sizes=\"auto, (max-width: 1024px) 100vw, 1024px\" \/><\/a><\/figure>\n\n\n\n<figure class=\"wp-block-image size-large\"><a href=\"https:\/\/www.grundschule-zabeltitz.de\/wp-content\/uploads\/IMG-20230326-WA0011.jpg\"><img loading=\"lazy\" decoding=\"async\" width=\"576\" height=\"1024\" data-id=\"1924\" src=\"https:\/\/www.grundschule-zabeltitz.de\/wp-content\/uploads\/IMG-20230326-WA0011-576x1024.jpg\" alt=\"\" class=\"wp-image-1924\" srcset=\"https:\/\/www.grundschule-zabeltitz.de\/wp-content\/uploads\/IMG-20230326-WA0011-576x1024.jpg 576w, https:\/\/www.grundschule-zabeltitz.de\/wp-content\/uploads\/IMG-20230326-WA0011-169x300.jpg 169w, https:\/\/www.grundschule-zabeltitz.de\/wp-content\/uploads\/IMG-20230326-WA0011-768x1365.jpg 768w, https:\/\/www.grundschule-zabeltitz.de\/wp-content\/uploads\/IMG-20230326-WA0011-864x1536.jpg 864w, https:\/\/www.grundschule-zabeltitz.de\/wp-content\/uploads\/IMG-20230326-WA0011.jpg 900w\" sizes=\"auto, (max-width: 576px) 100vw, 576px\" \/><\/a><\/figure>\n\n\n\n<figure class=\"wp-block-image size-large\"><a href=\"https:\/\/www.grundschule-zabeltitz.de\/wp-content\/uploads\/IMG-20230326-WA0013.jpg\"><img loading=\"lazy\" decoding=\"async\" width=\"768\" height=\"1024\" data-id=\"1923\" src=\"https:\/\/www.grundschule-zabeltitz.de\/wp-content\/uploads\/IMG-20230326-WA0013-768x1024.jpg\" alt=\"\" class=\"wp-image-1923\" srcset=\"https:\/\/www.grundschule-zabeltitz.de\/wp-content\/uploads\/IMG-20230326-WA0013-768x1024.jpg 768w, https:\/\/www.grundschule-zabeltitz.de\/wp-content\/uploads\/IMG-20230326-WA0013-225x300.jpg 225w, https:\/\/www.grundschule-zabeltitz.de\/wp-content\/uploads\/IMG-20230326-WA0013-1152x1536.jpg 1152w, https:\/\/www.grundschule-zabeltitz.de\/wp-content\/uploads\/IMG-20230326-WA0013.jpg 1200w\" sizes=\"auto, (max-width: 768px) 100vw, 768px\" \/><\/a><\/figure>\n\n\n\n<figure class=\"wp-block-image size-large\"><a href=\"https:\/\/www.grundschule-zabeltitz.de\/wp-content\/uploads\/IMG-20230326-WA0012.jpg\"><img loading=\"lazy\" decoding=\"async\" width=\"768\" height=\"1024\" data-id=\"1921\" src=\"https:\/\/www.grundschule-zabeltitz.de\/wp-content\/uploads\/IMG-20230326-WA0012-768x1024.jpg\" alt=\"\" class=\"wp-image-1921\" srcset=\"https:\/\/www.grundschule-zabeltitz.de\/wp-content\/uploads\/IMG-20230326-WA0012-768x1024.jpg 768w, https:\/\/www.grundschule-zabeltitz.de\/wp-content\/uploads\/IMG-20230326-WA0012-225x300.jpg 225w, https:\/\/www.grundschule-zabeltitz.de\/wp-content\/uploads\/IMG-20230326-WA0012-1152x1536.jpg 1152w, https:\/\/www.grundschule-zabeltitz.de\/wp-content\/uploads\/IMG-20230326-WA0012.jpg 1200w\" sizes=\"auto, (max-width: 768px) 100vw, 768px\" \/><\/a><\/figure>\n\n\n\n<figure class=\"wp-block-image size-large\"><a href=\"https:\/\/www.grundschule-zabeltitz.de\/wp-content\/uploads\/IMG-20230326-WA0010.jpg\"><img loading=\"lazy\" decoding=\"async\" width=\"768\" height=\"1024\" data-id=\"1920\" src=\"https:\/\/www.grundschule-zabeltitz.de\/wp-content\/uploads\/IMG-20230326-WA0010-768x1024.jpg\" alt=\"\" class=\"wp-image-1920\" srcset=\"https:\/\/www.grundschule-zabeltitz.de\/wp-content\/uploads\/IMG-20230326-WA0010-768x1024.jpg 768w, https:\/\/www.grundschule-zabeltitz.de\/wp-content\/uploads\/IMG-20230326-WA0010-225x300.jpg 225w, https:\/\/www.grundschule-zabeltitz.de\/wp-content\/uploads\/IMG-20230326-WA0010-1152x1536.jpg 1152w, https:\/\/www.grundschule-zabeltitz.de\/wp-content\/uploads\/IMG-20230326-WA0010.jpg 1200w\" sizes=\"auto, (max-width: 768px) 100vw, 768px\" \/><\/a><\/figure>\n\n\n\n<figure class=\"wp-block-image size-large\"><a href=\"https:\/\/www.grundschule-zabeltitz.de\/wp-content\/uploads\/IMG-20230326-WA0007.jpg\"><img loading=\"lazy\" decoding=\"async\" width=\"768\" height=\"1024\" data-id=\"1918\" src=\"https:\/\/www.grundschule-zabeltitz.de\/wp-content\/uploads\/IMG-20230326-WA0007-768x1024.jpg\" alt=\"\" class=\"wp-image-1918\" srcset=\"https:\/\/www.grundschule-zabeltitz.de\/wp-content\/uploads\/IMG-20230326-WA0007-768x1024.jpg 768w, https:\/\/www.grundschule-zabeltitz.de\/wp-content\/uploads\/IMG-20230326-WA0007-225x300.jpg 225w, https:\/\/www.grundschule-zabeltitz.de\/wp-content\/uploads\/IMG-20230326-WA0007-1152x1536.jpg 1152w, https:\/\/www.grundschule-zabeltitz.de\/wp-content\/uploads\/IMG-20230326-WA0007.jpg 1200w\" sizes=\"auto, (max-width: 768px) 100vw, 768px\" \/><\/a><\/figure>\n\n\n\n<figure class=\"wp-block-image size-large\"><a href=\"https:\/\/www.grundschule-zabeltitz.de\/wp-content\/uploads\/IMG-20230326-WA0006.jpg\"><img loading=\"lazy\" decoding=\"async\" width=\"768\" height=\"1024\" data-id=\"1917\" src=\"https:\/\/www.grundschule-zabeltitz.de\/wp-content\/uploads\/IMG-20230326-WA0006-768x1024.jpg\" alt=\"\" class=\"wp-image-1917\" srcset=\"https:\/\/www.grundschule-zabeltitz.de\/wp-content\/uploads\/IMG-20230326-WA0006-768x1024.jpg 768w, https:\/\/www.grundschule-zabeltitz.de\/wp-content\/uploads\/IMG-20230326-WA0006-225x300.jpg 225w, https:\/\/www.grundschule-zabeltitz.de\/wp-content\/uploads\/IMG-20230326-WA0006-1152x1536.jpg 1152w, https:\/\/www.grundschule-zabeltitz.de\/wp-content\/uploads\/IMG-20230326-WA0006.jpg 1200w\" sizes=\"auto, (max-width: 768px) 100vw, 768px\" \/><\/a><\/figure>\n\n\n\n<figure class=\"wp-block-image size-large\"><a href=\"https:\/\/www.grundschule-zabeltitz.de\/wp-content\/uploads\/IMG-20230326-WA0003.jpg\"><img loading=\"lazy\" decoding=\"async\" width=\"768\" height=\"1024\" data-id=\"1916\" src=\"https:\/\/www.grundschule-zabeltitz.de\/wp-content\/uploads\/IMG-20230326-WA0003-768x1024.jpg\" alt=\"\" class=\"wp-image-1916\" srcset=\"https:\/\/www.grundschule-zabeltitz.de\/wp-content\/uploads\/IMG-20230326-WA0003-768x1024.jpg 768w, https:\/\/www.grundschule-zabeltitz.de\/wp-content\/uploads\/IMG-20230326-WA0003-225x300.jpg 225w, https:\/\/www.grundschule-zabeltitz.de\/wp-content\/uploads\/IMG-20230326-WA0003-1152x1536.jpg 1152w, https:\/\/www.grundschule-zabeltitz.de\/wp-content\/uploads\/IMG-20230326-WA0003.jpg 1536w\" sizes=\"auto, (max-width: 768px) 100vw, 768px\" \/><\/a><\/figure>\n\n\n\n<figure class=\"wp-block-image size-large\"><a href=\"https:\/\/www.grundschule-zabeltitz.de\/wp-content\/uploads\/IMG-20230326-WA0004.jpg\"><img loading=\"lazy\" decoding=\"async\" width=\"768\" height=\"1024\" data-id=\"1912\" src=\"https:\/\/www.grundschule-zabeltitz.de\/wp-content\/uploads\/IMG-20230326-WA0004-768x1024.jpg\" alt=\"\" class=\"wp-image-1912\" srcset=\"https:\/\/www.grundschule-zabeltitz.de\/wp-content\/uploads\/IMG-20230326-WA0004-768x1024.jpg 768w, https:\/\/www.grundschule-zabeltitz.de\/wp-content\/uploads\/IMG-20230326-WA0004-225x300.jpg 225w, https:\/\/www.grundschule-zabeltitz.de\/wp-content\/uploads\/IMG-20230326-WA0004-1152x1536.jpg 1152w, https:\/\/www.grundschule-zabeltitz.de\/wp-content\/uploads\/IMG-20230326-WA0004.jpg 1200w\" sizes=\"auto, (max-width: 768px) 100vw, 768px\" \/><\/a><\/figure>\n<\/figure>\n","protected":false},"excerpt":{"rendered":"<p>Die Kinder unseres Ganztagesangebotes \u201eLandwirtschaft\u201c wollten sich auf besondere Weise auf das kommende Osterfest einstimmen. Initiiert von ihrem Leiter Christian Nicklisch&nbsp; sollte die Entwicklung eines H\u00fchnereies zum K\u00fcken beobachtet werden. Jedes Kind bekam 2 Eier, welche mit dem eigenen Namen beschriftet wurde, so dass man eine besondere Beziehung zum Ei aufbauen konnte. Herr Nicklisch brachte [&hellip;]<\/p>\n","protected":false},"author":1,"featured_media":1922,"comment_status":"closed","ping_status":"closed","sticky":false,"template":"","format":"standard","meta":{"ngg_post_thumbnail":0,"footnotes":""},"categories":[1,3],"tags":[],"class_list":["post-1910","post","type-post","status-publish","format-standard","has-post-thumbnail","hentry","category-allgemein","category-projekte-aktivitaeten"],"_links":{"self":[{"href":"https:\/\/www.grundschule-zabeltitz.de\/index.php?rest_route=\/wp\/v2\/posts\/1910","targetHints":{"allow":["GET"]}}],"collection":[{"href":"https:\/\/www.grundschule-zabeltitz.de\/index.php?rest_route=\/wp\/v2\/posts"}],"about":[{"href":"https:\/\/www.grundschule-zabeltitz.de\/index.php?rest_route=\/wp\/v2\/types\/post"}],"author":[{"embeddable":true,"href":"https:\/\/www.grundschule-zabeltitz.de\/index.php?rest_route=\/wp\/v2\/users\/1"}],"replies":[{"embeddable":true,"href":"https:\/\/www.grundschule-zabeltitz.de\/index.php?rest_route=%2Fwp%2Fv2%2Fcomments&post=1910"}],"version-history":[{"count":4,"href":"https:\/\/www.grundschule-zabeltitz.de\/index.php?rest_route=\/wp\/v2\/posts\/1910\/revisions"}],"predecessor-version":[{"id":1944,"href":"https:\/\/www.grundschule-zabeltitz.de\/index.php?rest_route=\/wp\/v2\/posts\/1910\/revisions\/1944"}],"wp:featuredmedia":[{"embeddable":true,"href":"https:\/\/www.grundschule-zabeltitz.de\/index.php?rest_route=\/wp\/v2\/media\/1922"}],"wp:attachment":[{"href":"https:\/\/www.grundschule-zabeltitz.de\/index.php?rest_route=%2Fwp%2Fv2%2Fmedia&parent=1910"}],"wp:term":[{"taxonomy":"category","embeddable":true,"href":"https:\/\/www.grundschule-zabeltitz.de\/index.php?rest_route=%2Fwp%2Fv2%2Fcategories&post=1910"},{"taxonomy":"post_tag","embeddable":true,"href":"https:\/\/www.grundschule-zabeltitz.de\/index.php?rest_route=%2Fwp%2Fv2%2Ftags&post=1910"}],"curies":[{"name":"wp","href":"https:\/\/api.w.org\/{rel}","templated":true}]}}