{"id":1256,"date":"2019-05-05T19:04:04","date_gmt":"2019-05-05T17:04:04","guid":{"rendered":"http:\/\/www.grundschule-zabeltitz.de\/?p=1256"},"modified":"2019-05-05T19:09:04","modified_gmt":"2019-05-05T17:09:04","slug":"blumenzwiebel-projekt","status":"publish","type":"post","link":"https:\/\/www.grundschule-zabeltitz.de\/?p=1256","title":{"rendered":"Blumenzwiebel-Projekt"},"content":{"rendered":"\n<p>Im Rahmen der Kampagne \u201eBulb4Kids\u201c hat die Klasse 2b im\nHerbst letzten Jahres zahlreiche Fr\u00fchbl\u00fcher gepflanzt. Die volle Bl\u00fctenpracht\nd\u00fcrfen wir nun bewundern.<\/p>\n\n\n\n<figure class=\"wp-block-image\"><img loading=\"lazy\" decoding=\"async\" width=\"1024\" height=\"1024\" src=\"https:\/\/www.grundschule-zabeltitz.de\/wp-content\/uploads\/CollageMaker_20190403_194924038-1024x1024.jpg\" alt=\"\" class=\"wp-image-1258\" srcset=\"https:\/\/www.grundschule-zabeltitz.de\/wp-content\/uploads\/CollageMaker_20190403_194924038-1024x1024.jpg 1024w, https:\/\/www.grundschule-zabeltitz.de\/wp-content\/uploads\/CollageMaker_20190403_194924038-150x150.jpg 150w, https:\/\/www.grundschule-zabeltitz.de\/wp-content\/uploads\/CollageMaker_20190403_194924038-300x300.jpg 300w, https:\/\/www.grundschule-zabeltitz.de\/wp-content\/uploads\/CollageMaker_20190403_194924038-768x768.jpg 768w, https:\/\/www.grundschule-zabeltitz.de\/wp-content\/uploads\/CollageMaker_20190403_194924038.jpg 1920w\" sizes=\"auto, (max-width: 1024px) 100vw, 1024px\" \/><\/figure>\n\n\n\n<figure class=\"wp-block-image\"><img loading=\"lazy\" decoding=\"async\" width=\"690\" height=\"1024\" src=\"https:\/\/www.grundschule-zabeltitz.de\/wp-content\/uploads\/CollageMaker_20190411_194808911-690x1024.jpg\" alt=\"\" class=\"wp-image-1259\" srcset=\"https:\/\/www.grundschule-zabeltitz.de\/wp-content\/uploads\/CollageMaker_20190411_194808911-690x1024.jpg 690w, https:\/\/www.grundschule-zabeltitz.de\/wp-content\/uploads\/CollageMaker_20190411_194808911-202x300.jpg 202w, https:\/\/www.grundschule-zabeltitz.de\/wp-content\/uploads\/CollageMaker_20190411_194808911-768x1139.jpg 768w, https:\/\/www.grundschule-zabeltitz.de\/wp-content\/uploads\/CollageMaker_20190411_194808911.jpg 1920w\" sizes=\"auto, (max-width: 690px) 100vw, 690px\" \/><\/figure>\n","protected":false},"excerpt":{"rendered":"<p>Im Rahmen der Kampagne \u201eBulb4Kids\u201c hat die Klasse 2b im Herbst letzten Jahres zahlreiche Fr\u00fchbl\u00fcher gepflanzt. Die volle Bl\u00fctenpracht d\u00fcrfen wir nun bewundern.<\/p>\n","protected":false},"author":1,"featured_media":1261,"comment_status":"closed","ping_status":"closed","sticky":false,"template":"","format":"standard","meta":{"ngg_post_thumbnail":0,"footnotes":""},"categories":[1,3],"tags":[],"class_list":["post-1256","post","type-post","status-publish","format-standard","has-post-thumbnail","hentry","category-allgemein","category-projekte-aktivitaeten"],"_links":{"self":[{"href":"https:\/\/www.grundschule-zabeltitz.de\/index.php?rest_route=\/wp\/v2\/posts\/1256","targetHints":{"allow":["GET"]}}],"collection":[{"href":"https:\/\/www.grundschule-zabeltitz.de\/index.php?rest_route=\/wp\/v2\/posts"}],"about":[{"href":"https:\/\/www.grundschule-zabeltitz.de\/index.php?rest_route=\/wp\/v2\/types\/post"}],"author":[{"embeddable":true,"href":"https:\/\/www.grundschule-zabeltitz.de\/index.php?rest_route=\/wp\/v2\/users\/1"}],"replies":[{"embeddable":true,"href":"https:\/\/www.grundschule-zabeltitz.de\/index.php?rest_route=%2Fwp%2Fv2%2Fcomments&post=1256"}],"version-history":[{"count":2,"href":"https:\/\/www.grundschule-zabeltitz.de\/index.php?rest_route=\/wp\/v2\/posts\/1256\/revisions"}],"predecessor-version":[{"id":1260,"href":"https:\/\/www.grundschule-zabeltitz.de\/index.php?rest_route=\/wp\/v2\/posts\/1256\/revisions\/1260"}],"wp:featuredmedia":[{"embeddable":true,"href":"https:\/\/www.grundschule-zabeltitz.de\/index.php?rest_route=\/wp\/v2\/media\/1261"}],"wp:attachment":[{"href":"https:\/\/www.grundschule-zabeltitz.de\/index.php?rest_route=%2Fwp%2Fv2%2Fmedia&parent=1256"}],"wp:term":[{"taxonomy":"category","embeddable":true,"href":"https:\/\/www.grundschule-zabeltitz.de\/index.php?rest_route=%2Fwp%2Fv2%2Fcategories&post=1256"},{"taxonomy":"post_tag","embeddable":true,"href":"https:\/\/www.grundschule-zabeltitz.de\/index.php?rest_route=%2Fwp%2Fv2%2Ftags&post=1256"}],"curies":[{"name":"wp","href":"https:\/\/api.w.org\/{rel}","templated":true}]}}